{"id":3756,"date":"2018-06-04T21:38:42","date_gmt":"2018-06-04T18:38:42","guid":{"rendered":"http:\/\/88.222.159.19:9040\/?p=3756"},"modified":"2018-07-09T19:13:18","modified_gmt":"2018-07-09T16:13:18","slug":"agrobalt-2018","status":"publish","type":"post","link":"http:\/\/motorsich.eu\/en\/2018\/06\/04\/agrobalt-2018\/","title":{"rendered":"Agrobalt 2018"},"content":{"rendered":"<p>2018 m. gegu\u017e\u0117s m\u0117n. 24-26 d. dalyvavome parodoje \u201eAgrobalt 2018\u201c.<br \/>\n\u201eAgroBalt\u201c \u2013 reik\u0161mingiausia ir did\u017eiausia Baltijos regione tarptautin\u0117 \u017eem\u0117s \u016bkio ir maisto pramon\u0117s paroda.<br \/>\n\u0160ios parodos temos:<br \/>\n\u2022 Kokybi\u0161kas ir saugus maistas<br \/>\n\u2022 Agroverslo galimyb\u0117s<br \/>\n\u2022 Pa\u017eintinis turizmas<br \/>\n\u2022 \u017dem\u0117s \u016bkio ir maisto pramon\u0117s \u012franga bei technologijos<br \/>\n\u2022 Veislin\u0117 gyvulininkyst\u0117<br \/>\n\u2022 Mokslo ir mokymo pasiekimai \u017eem\u0117s ir maisto \u016bkio srityje<br \/>\n\u2022 \u017dem\u0117s \u016bkio technika<br \/>\nParodoje eksponavome motoblok\u0105 \u201eMotor Si\u010d MB \u2013 9\u201c ir priedus prie motobloko: pl\u016bg\u0105, vagotuv\u0105, kultivatori\u0173 \u2013 frez\u0105, diskin\u0119 \u017eoliapjov\u0119, adapter\u012f. Parodos lankytojai u\u017edav\u0117 daug klausim\u0173 tiek apie preki\u0173 techninius parametrus, tiek apie praktin\u012f naudojim\u0105. Visada malonu sulaukti besidomin\u010di\u0173 lankytoj\u0173 bei atsakyti \u012f j\u0173 klausimus.<br \/>\nParodos vieta: Lietuvos parod\u0173 ir kongres\u0173 centras LITEXPO, Laisv\u0117s pr. 5, Vilnius<br \/>\n<img loading=\"lazy\" class=\"alignnone size-medium wp-image-3760\" src=\"http:\/\/88.222.159.19:9040\/wp-content\/uploads\/2018\/06\/AgroBalt-2018-300x232.jpg\" alt=\"\" width=\"300\" height=\"232\" srcset=\"http:\/\/motorsich.eu\/wp-content\/uploads\/2018\/06\/AgroBalt-2018-300x232.jpg 300w, http:\/\/motorsich.eu\/wp-content\/uploads\/2018\/06\/AgroBalt-2018-768x594.jpg 768w, http:\/\/motorsich.eu\/wp-content\/uploads\/2018\/06\/AgroBalt-2018-1024x792.jpg 1024w\" sizes=\"(max-width: 300px) 100vw, 300px\" \/>\u00a0 \u00a0 \u00a0 \u00a0 \u00a0 \u00a0 \u00a0 \u00a0 \u00a0 \u00a0<img loading=\"lazy\" class=\"alignnone size-medium wp-image-3761\" src=\"http:\/\/88.222.159.19:9040\/wp-content\/uploads\/2018\/06\/AgroBalt-2018-246x300.jpeg\" alt=\"\" width=\"246\" height=\"300\" srcset=\"http:\/\/motorsich.eu\/wp-content\/uploads\/2018\/06\/AgroBalt-2018-246x300.jpeg 246w, http:\/\/motorsich.eu\/wp-content\/uploads\/2018\/06\/AgroBalt-2018-768x937.jpeg 768w, http:\/\/motorsich.eu\/wp-content\/uploads\/2018\/06\/AgroBalt-2018-839x1024.jpeg 839w\" sizes=\"(max-width: 246px) 100vw, 246px\" \/><\/p>\n<p><img loading=\"lazy\" class=\"alignnone size-medium wp-image-3765\" src=\"http:\/\/88.222.159.19:9040\/wp-content\/uploads\/2018\/06\/AgroBalt-2018-2-300x177.jpeg\" alt=\"\" width=\"300\" height=\"177\" srcset=\"http:\/\/motorsich.eu\/wp-content\/uploads\/2018\/06\/AgroBalt-2018-2-300x177.jpeg 300w, http:\/\/motorsich.eu\/wp-content\/uploads\/2018\/06\/AgroBalt-2018-2-768x453.jpeg 768w, http:\/\/motorsich.eu\/wp-content\/uploads\/2018\/06\/AgroBalt-2018-2-1024x603.jpeg 1024w, http:\/\/motorsich.eu\/wp-content\/uploads\/2018\/06\/AgroBalt-2018-2.jpeg 1500w\" sizes=\"(max-width: 300px) 100vw, 300px\" \/>\u00a0 \u00a0 \u00a0 \u00a0 \u00a0 \u00a0 \u00a0 \u00a0 \u00a0 \u00a0<img loading=\"lazy\" class=\"alignnone size-medium wp-image-3766\" src=\"http:\/\/88.222.159.19:9040\/wp-content\/uploads\/2018\/06\/20180524_170955-1-178x300.jpg\" alt=\"\" width=\"178\" height=\"300\" srcset=\"http:\/\/motorsich.eu\/wp-content\/uploads\/2018\/06\/20180524_170955-1-178x300.jpg 178w, http:\/\/motorsich.eu\/wp-content\/uploads\/2018\/06\/20180524_170955-1-768x1293.jpg 768w, http:\/\/motorsich.eu\/wp-content\/uploads\/2018\/06\/20180524_170955-1-608x1024.jpg 608w, http:\/\/motorsich.eu\/wp-content\/uploads\/2018\/06\/20180524_170955-1.jpg 891w\" sizes=\"(max-width: 178px) 100vw, 178px\" \/><\/p>\n","protected":false},"excerpt":{"rendered":"<p>2018 m. gegu\u017e\u0117s m\u0117n. 24-26 d. dalyvavome parodoje \u201eAgrobalt 2018\u201c. \u201eAgroBalt\u201c \u2013 reik\u0161mingiausia ir did\u017eiausia Baltijos regione tarptautin\u0117 \u017eem\u0117s \u016bkio ir maisto pramon\u0117s paroda. \u0160ios parodos temos: \u2022 Kokybi\u0161kas ir saugus maistas \u2022 Agroverslo galimyb\u0117s \u2022 Pa\u017eintinis turizmas \u2022 \u017dem\u0117s \u016bkio ir maisto pramon\u0117s \u012franga bei technologijos \u2022 Veislin\u0117 gyvulininkyst\u0117 \u2022 Mokslo ir mokymo pasiekimai \u017eem\u0117s ir maisto \u016bkio srityje \u2022 \u017dem\u0117s \u016bkio technika Parodoje eksponavome motoblok\u0105 \u201eMotor Si\u010d MB \u2013 9\u201c ir priedus prie motobloko: pl\u016bg\u0105, vagotuv\u0105, kultivatori\u0173 \u2013&hellip;<\/p>\n","protected":false},"author":1,"featured_media":4010,"comment_status":"open","ping_status":"open","sticky":false,"template":"","format":"standard","meta":[],"categories":[1],"tags":[],"_links":{"self":[{"href":"http:\/\/motorsich.eu\/en\/wp-json\/wp\/v2\/posts\/3756"}],"collection":[{"href":"http:\/\/motorsich.eu\/en\/wp-json\/wp\/v2\/posts"}],"about":[{"href":"http:\/\/motorsich.eu\/en\/wp-json\/wp\/v2\/types\/post"}],"author":[{"embeddable":true,"href":"http:\/\/motorsich.eu\/en\/wp-json\/wp\/v2\/users\/1"}],"replies":[{"embeddable":true,"href":"http:\/\/motorsich.eu\/en\/wp-json\/wp\/v2\/comments?post=3756"}],"version-history":[{"count":8,"href":"http:\/\/motorsich.eu\/en\/wp-json\/wp\/v2\/posts\/3756\/revisions"}],"predecessor-version":[{"id":3764,"href":"http:\/\/motorsich.eu\/en\/wp-json\/wp\/v2\/posts\/3756\/revisions\/3764"}],"wp:featuredmedia":[{"embeddable":true,"href":"http:\/\/motorsich.eu\/en\/wp-json\/wp\/v2\/media\/4010"}],"wp:attachment":[{"href":"http:\/\/motorsich.eu\/en\/wp-json\/wp\/v2\/media?parent=3756"}],"wp:term":[{"taxonomy":"category","embeddable":true,"href":"http:\/\/motorsich.eu\/en\/wp-json\/wp\/v2\/categories?post=3756"},{"taxonomy":"post_tag","embeddable":true,"href":"http:\/\/motorsich.eu\/en\/wp-json\/wp\/v2\/tags?post=3756"}],"curies":[{"name":"wp","href":"https:\/\/api.w.org\/{rel}","templated":true}]}}